{"id":1228,"date":"2024-12-13T17:55:08","date_gmt":"2024-12-13T16:55:08","guid":{"rendered":"http:\/\/wir-in-erzhausen.de\/wordpress\/?p=1228"},"modified":"2026-04-28T11:37:47","modified_gmt":"2026-04-28T09:37:47","slug":"strick-und-haekeltreff-termine-2025","status":"publish","type":"post","link":"https:\/\/wir-in-erzhausen.de\/wordpress\/2024\/12\/13\/strick-und-haekeltreff-termine-2025\/","title":{"rendered":"Strick- und H\u00e4keltreff &#8211; Termine 2026"},"content":{"rendered":"<p>Wir laden ein zum Stricken und H\u00e4keln in gem\u00fctlicher Runde.<br \/>\nDie Treffen finden im <strong>Caf\u00e9 Schee<\/strong> (Erzh\u00e4user Seniorenzentrum, Kiefernweg 30)<br \/>\nmeist am 3. Freitag des Monats von<strong> 10:00 Uhr-12:00 Uhr<\/strong> statt:<\/p>\n<table style=\"height: 400px; width: 70.3704%; border-collapse: collapse; border-style: solid; border-color: #000000; background-color: #f0f0f0;\">\n<tbody>\n<tr>\n<td style=\"width: 35.0618%; border-style: solid; border-color: #000000; background-color: #f0f0f0;\">\n<p style=\"text-align: left; padding-left: 80px;\"><span style=\"font-size: 18pt;\"><strong><span style=\"color: #000000;\">2026<\/span><\/strong><\/span><\/p>\n<ul>\n<li style=\"list-style-type: none;\">\n<ul>\n<li><span style=\"color: #808080;\">16. Januar<\/span><\/li>\n<li><span style=\"color: #808080;\">20. Februar<\/span><\/li>\n<li><span style=\"color: #808080;\">20. M\u00e4rz<\/span><\/li>\n<li><span style=\"color: #808080;\">17. April<\/span><\/li>\n<li><span style=\"color: #000000;\">15. Mai<\/span><\/li>\n<li><span style=\"color: #000000;\">19. Juni<\/span><\/li>\n<li><span style=\"color: #000000;\">17. Juli<\/span><\/li>\n<li><span style=\"color: #000000;\">21. August<\/span><\/li>\n<li><span style=\"color: #000000;\">18. September<\/span><\/li>\n<li><span style=\"color: #000000;\">16. Oktober<\/span><\/li>\n<li><span style=\"color: #000000;\">20. November<\/span><\/li>\n<li><span style=\"color: #000000;\">18. Dezember<\/span><\/li>\n<\/ul>\n<\/li>\n<\/ul>\n<\/td>\n<\/tr>\n<\/tbody>\n<\/table>\n<p><strong>Interessierte sind jederzeit herzlich willkommen.<\/strong> Wir freuen uns \u00fcber alle, die gerne gemeinsam mit uns dieses Hobby aus\u00fcben m\u00f6chten.<br \/>\nEine Anmeldung ist nicht erforderlich.<br \/>\nWeitere <strong>Informationen<\/strong> bei I. Heck Tel.: 06150 \/ 81147<\/p>\n<p>&nbsp;<\/p>\n","protected":false},"excerpt":{"rendered":"<p>Wir laden ein zum Stricken und H\u00e4keln in gem\u00fctlicher Runde. Die Treffen finden im Caf\u00e9<\/p>\n","protected":false},"author":2,"featured_media":977,"comment_status":"closed","ping_status":"closed","sticky":false,"template":"","format":"standard","meta":{"footnotes":""},"categories":[35],"tags":[29,52,50,51,45],"class_list":["post-1228","post","type-post","status-publish","format-standard","has-post-thumbnail","hentry","category-aktuelles-beitraege","tag-erzhausen","tag-haekeln","tag-strick-und-haekeltreff","tag-stricken","tag-treff"],"_links":{"self":[{"href":"https:\/\/wir-in-erzhausen.de\/wordpress\/wp-json\/wp\/v2\/posts\/1228","targetHints":{"allow":["GET"]}}],"collection":[{"href":"https:\/\/wir-in-erzhausen.de\/wordpress\/wp-json\/wp\/v2\/posts"}],"about":[{"href":"https:\/\/wir-in-erzhausen.de\/wordpress\/wp-json\/wp\/v2\/types\/post"}],"author":[{"embeddable":true,"href":"https:\/\/wir-in-erzhausen.de\/wordpress\/wp-json\/wp\/v2\/users\/2"}],"replies":[{"embeddable":true,"href":"https:\/\/wir-in-erzhausen.de\/wordpress\/wp-json\/wp\/v2\/comments?post=1228"}],"version-history":[{"count":25,"href":"https:\/\/wir-in-erzhausen.de\/wordpress\/wp-json\/wp\/v2\/posts\/1228\/revisions"}],"predecessor-version":[{"id":1529,"href":"https:\/\/wir-in-erzhausen.de\/wordpress\/wp-json\/wp\/v2\/posts\/1228\/revisions\/1529"}],"wp:featuredmedia":[{"embeddable":true,"href":"https:\/\/wir-in-erzhausen.de\/wordpress\/wp-json\/wp\/v2\/media\/977"}],"wp:attachment":[{"href":"https:\/\/wir-in-erzhausen.de\/wordpress\/wp-json\/wp\/v2\/media?parent=1228"}],"wp:term":[{"taxonomy":"category","embeddable":true,"href":"https:\/\/wir-in-erzhausen.de\/wordpress\/wp-json\/wp\/v2\/categories?post=1228"},{"taxonomy":"post_tag","embeddable":true,"href":"https:\/\/wir-in-erzhausen.de\/wordpress\/wp-json\/wp\/v2\/tags?post=1228"}],"curies":[{"name":"wp","href":"https:\/\/api.w.org\/{rel}","templated":true}]}}